[{"@context":"https:\/\/schema.org\/","@type":"Article","@id":"https:\/\/www.bolio.cz\/svab-v-duchodovem-veku\/#Article","mainEntityOfPage":"https:\/\/www.bolio.cz\/svab-v-duchodovem-veku\/","headline":"\u0160v\u00e1b v d\u016fchodov\u00e9m v\u011bku","name":"\u0160v\u00e1b v d\u016fchodov\u00e9m v\u011bku","description":"A co se stane se \u0161v\u00e1bem, kdy\u017e ho za\u0161l\u00e1pnete, abyste se ho zbavili? P\u0159i za\u0161l\u00e1pnut\u00ed V\u00e1m pod botou odporn\u011b k\u0159upne. Nikdo je nem\u00e1 r\u00e1d a chce se jich zbavit. Bohu\u017eel mnoho mlad\u00fdch lid\u00ed takto sm\u00fd\u0161l\u00ed o na\u0161ich seniorech. Na\u0161i senio\u0159i si tak mohou p\u0159ipadat, pr\u00e1v\u011b d\u00edky chov\u00e1n\u00ed n\u011bkter\u00fdch jedinc\u016f. Jedinc\u016f, pro kter\u00e9 je slovo senior &hellip; ","datePublished":"2019-03-01","dateModified":"2023-04-30","author":{"@type":"Person","@id":"https:\/\/www.bolio.cz\/author\/#Person","name":"","url":"https:\/\/www.bolio.cz\/author\/","identifier":1,"image":{"@type":"ImageObject","@id":"https:\/\/secure.gravatar.com\/avatar\/2d2764a424a89ac38785df784051989f5c5cb264a2405c7e5d24c1907a83f0fb?s=96&d=mm&r=g","url":"https:\/\/secure.gravatar.com\/avatar\/2d2764a424a89ac38785df784051989f5c5cb264a2405c7e5d24c1907a83f0fb?s=96&d=mm&r=g","height":96,"width":96}},"publisher":{"@type":"Organization","name":"bolio.cz","logo":{"@type":"ImageObject","@id":"\/logo.png","url":"\/logo.png","width":600,"height":60}},"image":{"@type":"ImageObject","@id":"https:\/\/www.bolio.cz\/wp-content\/uploads\/img_a341391_w2507_t1554031681.jpg","url":"https:\/\/www.bolio.cz\/wp-content\/uploads\/img_a341391_w2507_t1554031681.jpg","height":0,"width":0},"url":"https:\/\/www.bolio.cz\/svab-v-duchodovem-veku\/","about":["Zv\u00ed\u0159ata"],"wordCount":461,"articleBody":"\tA co se stane se \u0161v\u00e1bem, kdy\u017e ho za\u0161l\u00e1pnete, abyste se ho zbavili? P\u0159i za\u0161l\u00e1pnut\u00ed V\u00e1m pod botou odporn\u011b k\u0159upne. Nikdo je nem\u00e1 r\u00e1d a chce se jich zbavit. Bohu\u017eel mnoho mlad\u00fdch lid\u00ed takto sm\u00fd\u0161l\u00ed o na\u0161ich seniorech.\tNa\u0161i senio\u0159i si tak mohou p\u0159ipadat, pr\u00e1v\u011b d\u00edky chov\u00e1n\u00ed n\u011bkter\u00fdch jedinc\u016f. Jedinc\u016f, pro kter\u00e9 je slovo senior synonymem slova \u0161v\u00e1b. Pro\u010d? Pova\u017euj\u00ed toti\u017e na\u0161e seniory za vzhledov\u011b odporn\u00e9 \u0161v\u00e1by, proto\u017ee jejich t\u011bla u\u017e nejsou vzp\u0159\u00edmen\u00e1, k\u016f\u017ee nen\u00ed hladk\u00e1, jsou pomalej\u0161\u00ed ne\u017e d\u0159\u00edve a \u010dasto pot\u0159ebuj\u00ed pomoc. \u010casto t\u011bmto mlad\u00fdm, kte\u0159\u00ed si neuv\u011bdomuj\u00ed, \u017ee i oni jednou zest\u00e1rnou, p\u0159ijdou senio\u0159i odpuzuj\u00edc\u00ed, proto\u017ee po\u0159\u00e1d dokola vypr\u00e1v\u00ed star\u00e9 historky, kter\u00e9 u\u017e jsou jaksi ohran\u00e9, st\u00e1v\u00e1 se i, \u017ee jsou nev\u00e1bn\u011b c\u00edtit n\u00e1sledkem inkontinen\u010dn\u00edch a jin\u00fdch probl\u00e9m\u016f. Pro tyto fraj\u00edrky to jsou \u0161v\u00e1by rozn\u00e1\u0161ej\u00edc\u00ed mnoho nemoc\u00ed a s\u00a0jejich vyhuben\u00edm by byly vyhubeny i nemoci.\tTakto sm\u00fd\u0161lej\u00edc\u00ed osoby se asi ani nedaj\u00ed naz\u00fdvat lidmi, proto\u017ee se jako lidi nechovaj\u00ed. Ano, senior\u016f st\u00e1le v\u00a0populaci p\u0159ib\u00fdv\u00e1 d\u00edky st\u00e1le se zvy\u0161uj\u00edc\u00edmu v\u011bku do\u017eit\u00ed, d\u00edky l\u00e9ka\u0159sk\u00e9 p\u00e9\u010di a lep\u0161\u00ed kvalit\u011b \u017eivota, ne\u017e v\u00a0d\u0159\u00edv\u011bj\u0161\u00edch dob\u00e1ch. Je nutn\u00e9, aby si tito pok\u0159iven\u011b sm\u00fd\u0161lej\u00edc\u00ed osoby uv\u011bdomili, \u017ee senio\u0159i pot\u0159ebuj\u00ed a hlavn\u011b si zaslou\u017e\u00ed na\u0161\u00ed kvalitn\u00ed a l\u00e1skyplnou p\u00e9\u010di, proto\u017ee pr\u00e1v\u011b oni pro n\u00e1s tvo\u0159ili sv\u011bt. Stav\u011bli domy, silnice, nemocnice, u\u010dili n\u00e1s chodit i mluvit, l\u00e9\u010dili n\u00e1s, vyvinuli mnoho novinek, d\u00edky kter\u00fdm se lidstvo posunulo kup\u0159edu. Dali n\u00e1m v\u0161e kolem n\u00e1s, v\u010detn\u011b na\u0161ich \u017eivot\u016f. Tak na to nezapom\u00ednejte a a\u017e V\u00e1s bude n\u011bjak\u00e1 babi\u010dka zdr\u017eovat na p\u0159echodu svou pomalou ch\u016fz\u00ed od Va\u0161\u00ed cesty Va\u0161im super rychl\u00fdm autem, dop\u0159ejte j\u00ed tu trochu \u010dasu pro p\u0159ejit\u00ed, mo\u017en\u00e1 pr\u00e1v\u011b ona byla l\u00e9ka\u0159kou, kter\u00e1 p\u0159ivedla na sv\u011bt Va\u0161e rodi\u010de a t\u00edm umo\u017enila i Va\u0161e narozen\u00ed. Nezlobte se ani na sta\u0159i\u010dk\u00e9ho p\u00e1na v\u00a0\u0159ad\u011b u pokladny p\u0159ed V\u00e1mi, mo\u017en\u00e1 pr\u00e1v\u011b on bojoval ve v\u00e1lce a zajistil V\u00e1m a Va\u0161im d\u011btem \u017eivot v\u00a0m\u00edru.\tI \u0161v\u00e1b v\u00a0d\u016fchodov\u00e9m v\u011bku m\u016f\u017ee b\u00fdt u\u017eite\u010dn\u00fd.\t\u00a0                                                                                                                                                                                                                                                                                                                                                                                        3.7\/5 - (6 votes)        "},{"@context":"https:\/\/schema.org\/","@type":"BreadcrumbList","itemListElement":[{"@type":"ListItem","position":1,"name":"\u0160v\u00e1b v d\u016fchodov\u00e9m v\u011bku","item":"https:\/\/www.bolio.cz\/svab-v-duchodovem-veku\/#breadcrumbitem"}]}]