[{"@context":"https:\/\/schema.org\/","@type":"Article","@id":"https:\/\/www.bolio.cz\/chata-rejviz-v-jesenikach\/#Article","mainEntityOfPage":"https:\/\/www.bolio.cz\/chata-rejviz-v-jesenikach\/","headline":"Chata Rejv\u00edz v Jesen\u00edk\u00e1ch","name":"Chata Rejv\u00edz v Jesen\u00edk\u00e1ch","description":"Chata Rejv\u00edz v Jesen\u00edk\u00e1ch CHKO Jesen\u00edka je opravdu kr\u00e1sn\u00e1 oblast s n\u00e1dhernou, t\u00e9m\u011b\u0159 nedot\u010denou p\u0159\u00edrodou. Rozl\u00e9haj\u00ed se zde hektary les\u016f i zelen\u00fdch luk. O osad\u011b Rejv\u00edz se \u010dasto mluv\u00ed jako o nejkr\u00e1sn\u011bj\u0161\u00edm m\u00edst\u011b t\u00e9to krajinn\u00e9 oblasti. Krom\u011b malebn\u00e9 p\u0159\u00edrody zde najdete tak\u00e9 mnoho roubenek z 19. Stolet\u00ed. Kv\u016fli tomu byl Rejv\u00edz vyhl\u00e1\u0161en za vesnickou pam\u00e1tkovou &hellip; ","datePublished":"2023-12-01","dateModified":"2023-12-01","author":{"@type":"Person","@id":"https:\/\/www.bolio.cz\/author\/#Person","name":"","url":"https:\/\/www.bolio.cz\/author\/","identifier":1,"image":{"@type":"ImageObject","@id":"https:\/\/secure.gravatar.com\/avatar\/2d2764a424a89ac38785df784051989f5c5cb264a2405c7e5d24c1907a83f0fb?s=96&d=mm&r=g","url":"https:\/\/secure.gravatar.com\/avatar\/2d2764a424a89ac38785df784051989f5c5cb264a2405c7e5d24c1907a83f0fb?s=96&d=mm&r=g","height":96,"width":96}},"publisher":{"@type":"Organization","name":"bolio.cz","logo":{"@type":"ImageObject","@id":"\/logo.png","url":"\/logo.png","width":600,"height":60}},"url":"https:\/\/www.bolio.cz\/chata-rejviz-v-jesenikach\/","wordCount":207,"articleBody":"Chata Rejv\u00edz v Jesen\u00edk\u00e1chCHKO Jesen\u00edka je opravdu kr\u00e1sn\u00e1 oblast s n\u00e1dhernou, t\u00e9m\u011b\u0159 nedot\u010denou p\u0159\u00edrodou. Rozl\u00e9haj\u00ed se zde hektary les\u016f i zelen\u00fdch luk. O osad\u011b Rejv\u00edz se \u010dasto mluv\u00ed jako o nejkr\u00e1sn\u011bj\u0161\u00edm m\u00edst\u011b t\u00e9to krajinn\u00e9 oblasti. Krom\u011b malebn\u00e9 p\u0159\u00edrody zde najdete tak\u00e9 mnoho roubenek z 19. Stolet\u00ed. Kv\u016fli tomu byl Rejv\u00edz vyhl\u00e1\u0161en za vesnickou pam\u00e1tkovou z\u00f3nu.Nab\u00edz\u00edme V\u00e1m mo\u017enost se v jedn\u00e9 z roubenek ubytovat a u\u017e\u00edt si p\u0159ekr\u00e1snou dovolenou s rodinou a p\u0159\u00e1teli. Chata Rejv\u00edz je zrekonstruovan\u00e1 roubenka, kter\u00e1 nab\u00edz\u00ed ubytov\u00e1n\u00ed a\u017e pro 15 osob. Pohodl\u00ed nab\u00edz\u00ed 5 lo\u017enic r\u016fzn\u00e9 kapacity, prostor pro spole\u010dn\u00e9 chv\u00edle nab\u00edz\u00ed spole\u010densk\u00e1 m\u00edstnost. Z\u00e1bavu pro d\u011bti zase poskytne d\u011btsk\u00fd koutek. Parkov\u00e1n\u00ed p\u0159\u00edmo u domu a autobusov\u00e1 zast\u00e1vka vzd\u00e1len\u00e1 50m jsou v\u00fdhodou pro p\u0159\u00edjezd i v\u00fdlety po okol\u00ed. Wifi p\u0159ipojen\u00ed zdarma V\u00e1m poskytne spojen\u00ed s vn\u011bj\u0161\u00edm sv\u011btem.Jesen\u00edky jsou kr\u00e1sn\u00e9 v ka\u017ed\u00e9m ro\u010dn\u00edm obdob\u00ed. Nev\u00e1hejte je nav\u0161t\u00edvit.                                                                                                                                                                                                                                                                                                                                                                                        4.3\/5 - (7 votes)        "},{"@context":"https:\/\/schema.org\/","@type":"BreadcrumbList","itemListElement":[{"@type":"ListItem","position":1,"name":"Chata Rejv\u00edz v Jesen\u00edk\u00e1ch","item":"https:\/\/www.bolio.cz\/chata-rejviz-v-jesenikach\/#breadcrumbitem"}]}]